{"id":3145,"date":"2022-11-29T11:56:26","date_gmt":"2022-11-29T11:56:26","guid":{"rendered":"https:\/\/globaleco.pl\/?p=3145"},"modified":"2022-11-29T12:13:14","modified_gmt":"2022-11-29T12:13:14","slug":"uwaga-zmiana-poziomu-dofinansowania-w-moj-prad-4-0-od-dnia-15-12-2022-r","status":"publish","type":"post","link":"https:\/\/globaleco.pl\/en\/uwaga-zmiana-poziomu-dofinansowania-w-moj-prad-4-0-od-dnia-15-12-2022-r\/","title":{"rendered":"Zmiana poziomu dofinansowania w &#8222;M\u00f3j Pr\u0105d 4.0&#8221; &#8211; od dnia 15.12.2022 r."},"content":{"rendered":"<p>W zwi\u0105zku z sytuacj\u0105 gospodarcz\u0105, w tym wysok\u0105 inflacj\u0105, a tak\u017ce kryzysem energetycznym w Europie, zostanie zwi\u0119kszone dofinansowanie w ramach Programu M\u00f3j Pr\u0105d o 2 tys. z\u0142 czyli do 6 tys. lub 7 tys. z\u0142 (w przypadku przedsi\u0119wzi\u0119\u0107 z dodatkowymi elementami) oraz magazyn\u00f3w energii do 16 tys. z\u0142, a wi\u0119c:<\/p>\n<p>W przypadku zg\u0142oszenia do dofinansowania tylko mikroinstalacji PV \u2013 kwota dofinansowania wyniesie do 50% koszt\u00f3w kwalifikowanych nie wi\u0119cej ni\u017c 6 tys. z\u0142;<br \/>\nW przypadku zg\u0142oszenia do dofinansowania mikroinstalacji PV wraz z magazynem energii dofinansowanie wyniesie:<\/p>\n<ul>\n<li>do mikroinstalacji do 50% koszt\u00f3w kwalifikowanych nie wi\u0119cej ni\u017c 7 tys. z\u0142;<\/li>\n<li>do magazynu energii do 50% koszt\u00f3w kwalifikowanych nie wi\u0119cej ni\u017c 16 tys. z\u0142;<\/li>\n<\/ul>\n<p><strong>WA\u017bNE<\/strong><\/p>\n<ul>\n<li>Dla wyp\u0142aconych ju\u017c wniosk\u00f3w koszty kwalifikowane zostan\u0105 ponownie przeliczone wzgl\u0119dem nowego poziomu dofinansowania i je\u017celi przys\u0142ugiwa\u0107 b\u0119dzie zwi\u0119kszony poziom dofinansowania wyp\u0142acona zostanie r\u00f3\u017cnica pomi\u0119dzy otrzyman\u0105 dotacj\u0105 a dotacj\u0105 jak\u0105 otrzyma\u0142by Wnioskodawca po zmianie poziomu dofinansowania.<\/li>\n<li>Nab\u00f3r wniosk\u00f3w w ramach Programu Priorytetowego M\u00f3j Pr\u0105d Cz\u0119\u015b\u0107 1) Program M\u00f3j Pr\u0105d na lata 2021 &#8211; 2023 (MP4) trwaj\u0105cy <strong style=\"font-family: var(--global-body-font-family);\">od dnia\u00a015.04.2022 r.<\/strong> <strong style=\"font-family: var(--global-body-font-family);\">zosta\u0142 przed\u0142u\u017cony do 31.03.2023 r.<\/strong><\/li>\n<li>Nowy nab\u00f3r wniosk\u00f3w dedykowany jest dla prosument\u00f3w w\u00a0nowym systemie net billing oraz dla dotychczasowych prosument\u00f3w, kt\u00f3rzy zmienili system rozliczania z\u00a0systemu opust\u00f3w na nowy system net billing.<\/li>\n<\/ul>","protected":false},"excerpt":{"rendered":"<p>W zwi\u0105zku z sytuacj\u0105 gospodarcz\u0105, w tym wysok\u0105 inflacj\u0105, a tak\u017ce kryzysem energetycznym w Europie, zostanie zwi\u0119kszone dofinansowanie w ramach Programu M\u00f3j Pr\u0105d o 2 tys. z\u0142 czyli do 6 tys. lub 7 tys. z\u0142&#8230;<\/p>","protected":false},"author":1,"featured_media":3159,"comment_status":"closed","ping_status":"closed","sticky":false,"template":"","format":"standard","meta":{"_acf_changed":false,"ub_ctt_via":"","_kad_blocks_custom_css":"","_kad_blocks_head_custom_js":"","_kad_blocks_body_custom_js":"","_kad_blocks_footer_custom_js":"","_kad_post_transparent":"default","_kad_post_title":"default","_kad_post_layout":"default","_kad_post_sidebar_id":"","_kad_post_content_style":"default","_kad_post_vertical_padding":"default","_kad_post_feature":"","_kad_post_feature_position":"","_kad_post_header":false,"_kad_post_footer":false,"footnotes":""},"categories":[4],"tags":[],"class_list":["post-3145","post","type-post","status-publish","format-standard","has-post-thumbnail","hentry","category-blog"],"acf":[],"featured_image_src":"https:\/\/globaleco.pl\/wp-content\/uploads\/2022\/11\/eigenverbrauch-photovoltaik.jpg","author_info":{"display_name":"michal","author_link":"https:\/\/globaleco.pl\/en\/author\/michal\/"},"taxonomy_info":{"category":[{"value":4,"label":"Blog"}]},"featured_image_src_large":["https:\/\/globaleco.pl\/wp-content\/uploads\/2022\/11\/eigenverbrauch-photovoltaik-1024x640.jpg",1024,640,true],"comment_info":0,"category_info":[{"term_id":4,"name":"Blog","slug":"blog","term_group":0,"term_taxonomy_id":4,"taxonomy":"category","description":"","parent":0,"count":26,"filter":"raw","cat_ID":4,"category_count":26,"category_description":"","cat_name":"Blog","category_nicename":"blog","category_parent":0}],"tag_info":false,"_links":{"self":[{"href":"https:\/\/globaleco.pl\/en\/wp-json\/wp\/v2\/posts\/3145","targetHints":{"allow":["GET"]}}],"collection":[{"href":"https:\/\/globaleco.pl\/en\/wp-json\/wp\/v2\/posts"}],"about":[{"href":"https:\/\/globaleco.pl\/en\/wp-json\/wp\/v2\/types\/post"}],"author":[{"embeddable":true,"href":"https:\/\/globaleco.pl\/en\/wp-json\/wp\/v2\/users\/1"}],"replies":[{"embeddable":true,"href":"https:\/\/globaleco.pl\/en\/wp-json\/wp\/v2\/comments?post=3145"}],"version-history":[{"count":6,"href":"https:\/\/globaleco.pl\/en\/wp-json\/wp\/v2\/posts\/3145\/revisions"}],"predecessor-version":[{"id":3158,"href":"https:\/\/globaleco.pl\/en\/wp-json\/wp\/v2\/posts\/3145\/revisions\/3158"}],"wp:featuredmedia":[{"embeddable":true,"href":"https:\/\/globaleco.pl\/en\/wp-json\/wp\/v2\/media\/3159"}],"wp:attachment":[{"href":"https:\/\/globaleco.pl\/en\/wp-json\/wp\/v2\/media?parent=3145"}],"wp:term":[{"taxonomy":"category","embeddable":true,"href":"https:\/\/globaleco.pl\/en\/wp-json\/wp\/v2\/categories?post=3145"},{"taxonomy":"post_tag","embeddable":true,"href":"https:\/\/globaleco.pl\/en\/wp-json\/wp\/v2\/tags?post=3145"}],"curies":[{"name":"wp","href":"https:\/\/api.w.org\/{rel}","templated":true}]}}