{"id":2677,"date":"2022-07-29T06:02:49","date_gmt":"2022-07-29T06:02:49","guid":{"rendered":"https:\/\/globaleco.pl\/?p=2677"},"modified":"2022-07-29T06:03:33","modified_gmt":"2022-07-29T06:03:33","slug":"nowy-program-dotacyjny-cieple-mieszkanie","status":"publish","type":"post","link":"https:\/\/globaleco.pl\/en\/nowy-program-dotacyjny-cieple-mieszkanie\/","title":{"rendered":"Nowy program dotacyjny &#8222;Ciep\u0142e Mieszkanie&#8221;"},"content":{"rendered":"<p>21 lipca 2022 r wystartowa\u0142 nowy program dotacyjny \u201eCiep\u0142e powietrze\u201d<\/p>\n<p>Aktualna formu\u0142a oferta skierowana jest do w\u0142a\u015bcicieli lokali w wielorodzinnych budynkach mieszkalnych, kt\u00f3rzy mog\u0105 stara\u0107 si\u0119 o uzyskanie dofinansowania w swoich gminach.<br \/>\nProgram jest realizowany przez gminy i adresowany do beneficjent\u00f3w ko\u0144cowych, kt\u00f3rymi s\u0105 w\u0142a\u015bciciele lub wsp\u00f3\u0142w\u0142a\u015bciciele mieszka\u0144 w domach wielorodzinnych<\/p>\n<p>Wysoko\u015b\u0107 dotacji przypadaj\u0105cej na lokal mieszkalny b\u0119dzie uzale\u017cniona od dochod\u00f3w wnioskodawcy i mo\u017ce wynie\u015b\u0107 30, 60 lub 90 proc. koszt\u00f3w kwalifikowanych.<\/p>\n<p>Gminy b\u0119d\u0105 mog\u0142y aplikowa\u0107 o dofinansowanie w ramach programu do WFO\u015aiGW\u00a0w trybie ci\u0105g\u0142ym w podziale na 2 nabory.<\/p>\n<ul>\n<li>Pierwszy nab\u00f3r zostanie przeprowadzony do 31 grudnia 2022 r.<\/li>\n<li>Drugi nab\u00f3r zostanie przeprowadzony do 31 grudnia 2023 r., w zale\u017cno\u015bci od dost\u0119pno\u015bci \u015brodk\u00f3w.<\/li>\n<\/ul>\n<h4><strong>Dla kogo: <\/strong><\/h4>\n<p>W\u0142a\u015bciciele lokali w budynkach wielorodzinnych bez C.O. i korzystaj\u0105cy z indywidualnego \u017ar\u00f3d\u0142a ciep\u0142a na paliwa sta\u0142e&#x1f3e3;<\/p>\n<h4><strong>Na co: <\/strong><\/h4>\n<p>Na wymian\u0119 nieefektywnych \u017ar\u00f3de\u0142 ciep\u0142a na paliwa sta\u0142e s\u0142u\u017c\u0105cych do ogrzewania lokalu mieszkalnego na efektywne \u017ar\u00f3d\u0142a ciep\u0142a lub pod\u0142\u0105czenie do efektywnego \u017ar\u00f3d\u0142a ciep\u0142a w budynku.<\/p>\n<p><strong>Dodatkowo mo\u017cliwe b\u0119dzie wykonanie:<\/strong><\/p>\n<ul>\n<li>instalacji centralnego ogrzewania i ciep\u0142ej wody u\u017cytkowej,<\/li>\n<li>wymian\u0119 okien i drzwi,<\/li>\n<li>wykonanie wentylacji mechanicznej z odzyskiem ciep\u0142a.<\/li>\n<\/ul>\n<h4><strong>Ile<\/strong>:<\/h4>\n<p><u>Poziom 1 &#8211; podstawowy<\/u><\/p>\n<p>Beneficjentem ko\u0144cowym programu &#8222;Ciep\u0142e Mieszkanie&#8221; mo\u017ce zosta\u0107 ka\u017cdy w\u0142a\u015bciciel lokalu mieszkalnego w budynku wielorodzinnym, kt\u00f3rego roczne dochody nie przekraczaj\u0105 kwoty 120 tys. z\u0142.<\/p>\n<p>Intensywno\u015b\u0107 dofinansowania wyniesie w takim przypadku:<\/p>\n<ul>\n<li>do 30% koszt\u00f3w kwalifikowanych, nie wi\u0119cej ni\u017c 15 tys. z\u0142 na jeden lokal mieszkalny;<\/li>\n<li>do 35% koszt\u00f3w kwalifikowanych, nie wi\u0119cej ni\u017c 17,5 tys. z\u0142 na jeden lokal mieszkalny, dla budynk\u00f3w w miejscowo\u015bci uj\u0119tej na li\u015bcie najbardziej zanieczyszczonych gmin.<\/li>\n<\/ul>\n<p><strong><u>Poziom 2 \u2013 podwy\u017cszony<\/u><\/strong><\/p>\n<p>Beneficjentem ko\u0144cowym programu &#8222;Ciep\u0142e Mieszkanie&#8221; mo\u017ce zosta\u0107 ka\u017cdy w\u0142a\u015bciciel lokalu mieszkalnego w budynku wielorodzinnym, kt\u00f3rego miesi\u0119czne dochody nie przekraczaj\u0105 kwoty: 1673 z\u0142 w gospodarstwie wieloosobowym i 2342 z\u0142 w gospodarstwie jednoosobowym.<\/p>\n<p>Intensywno\u015b\u0107 dofinansowania wyniesie w takim przypadku:<\/p>\n<ul>\n<li>do 60% koszt\u00f3w kwalifikowanych, nie wi\u0119cej ni\u017c 25 tys. z\u0142 na jeden lokal mieszkalny;<\/li>\n<li>do 65% koszt\u00f3w kwalifikowanych, nie wi\u0119cej ni\u017c 26,9 tys. z\u0142 na jeden lokal mieszkalny, dla budynk\u00f3w w miejscowo\u015bci uj\u0119tej na li\u015bcie najbardziej zanieczyszczonych gmin.<\/li>\n<\/ul>\n<p><strong><u>Poziom 3 &#8211; najwy\u017cszy <\/u><\/strong><\/p>\n<p>Beneficjentem ko\u0144cowym programu &#8222;Ciep\u0142e Mieszkanie&#8221; mo\u017ce zosta\u0107 ka\u017cdy w\u0142a\u015bciciel lokalu mieszkalnego w budynku wielorodzinnym, kt\u00f3rego miesi\u0119czne dochody nie przekraczaj\u0105 kwoty: 900 z\u0142 w gospodarstwie wieloosobowym; 1260 z\u0142 w gospodarstwie jednoosobowym lub jest ustalone prawo do zasi\u0142ku sta\u0142ego, okresowego, rodzinnego lub opieku\u0144czego.<\/p>\n<p>Intensywno\u015b\u0107 dofinansowania wyniesie w takim przypadku:<\/p>\n<ul>\n<li>do 90% koszt\u00f3w kwalifikowanych, nie wi\u0119cej ni\u017c 37,5 tys. z\u0142 na jeden lokal mieszkalny;<\/li>\n<li>do 95% koszt\u00f3w kwalifikowanych, nie wi\u0119cej ni\u017c 39,9 tys. z\u0142 na jeden lokal mieszkalny, dla budynk\u00f3w w miejscowo\u015bci uj\u0119tej na li\u015bcie najbardziej zanieczyszczonych gmin.<\/li>\n<\/ul>\n<p><a href=\"https:\/\/globaleco.pl\/wp-content\/uploads\/2022\/07\/123-cieple-mieszkanie-ppcm_v2-1536x801-1.png\"><img decoding=\"async\" class=\"aligncenter size-medium wp-image-2679\" src=\"https:\/\/globaleco.pl\/wp-content\/uploads\/2022\/07\/123-cieple-mieszkanie-ppcm_v2-1536x801-1-300x156.png\" alt=\"\" width=\"300\" height=\"156\" srcset=\"https:\/\/globaleco.pl\/wp-content\/uploads\/2022\/07\/123-cieple-mieszkanie-ppcm_v2-1536x801-1-300x156.png 300w, https:\/\/globaleco.pl\/wp-content\/uploads\/2022\/07\/123-cieple-mieszkanie-ppcm_v2-1536x801-1-1024x534.png 1024w, https:\/\/globaleco.pl\/wp-content\/uploads\/2022\/07\/123-cieple-mieszkanie-ppcm_v2-1536x801-1-768x401.png 768w, https:\/\/globaleco.pl\/wp-content\/uploads\/2022\/07\/123-cieple-mieszkanie-ppcm_v2-1536x801-1.png 1536w\" sizes=\"(max-width: 300px) 100vw, 300px\" \/><\/a><\/p>","protected":false},"excerpt":{"rendered":"<p>21 lipca 2022 r wystartowa\u0142 nowy program dotacyjny \u201eCiep\u0142e powietrze\u201d Aktualna formu\u0142a oferta skierowana jest do w\u0142a\u015bcicieli lokali w wielorodzinnych budynkach mieszkalnych, kt\u00f3rzy mog\u0105 stara\u0107 si\u0119 o uzyskanie dofinansowania w swoich gminach. Program jest realizowany&#8230;<\/p>","protected":false},"author":1,"featured_media":2678,"comment_status":"closed","ping_status":"closed","sticky":false,"template":"","format":"standard","meta":{"_acf_changed":false,"ub_ctt_via":"","_kad_blocks_custom_css":"","_kad_blocks_head_custom_js":"","_kad_blocks_body_custom_js":"","_kad_blocks_footer_custom_js":"","_kad_post_transparent":"default","_kad_post_title":"default","_kad_post_layout":"default","_kad_post_sidebar_id":"","_kad_post_content_style":"default","_kad_post_vertical_padding":"default","_kad_post_feature":"","_kad_post_feature_position":"","_kad_post_header":false,"_kad_post_footer":false,"footnotes":""},"categories":[4],"tags":[],"class_list":["post-2677","post","type-post","status-publish","format-standard","has-post-thumbnail","hentry","category-blog"],"acf":[],"featured_image_src":"https:\/\/globaleco.pl\/wp-content\/uploads\/2022\/07\/osiedle.jpg","author_info":{"display_name":"michal","author_link":"https:\/\/globaleco.pl\/en\/author\/michal\/"},"taxonomy_info":{"category":[{"value":4,"label":"Blog"}]},"featured_image_src_large":["https:\/\/globaleco.pl\/wp-content\/uploads\/2022\/07\/osiedle.jpg",615,490,false],"comment_info":0,"category_info":[{"term_id":4,"name":"Blog","slug":"blog","term_group":0,"term_taxonomy_id":4,"taxonomy":"category","description":"","parent":0,"count":26,"filter":"raw","cat_ID":4,"category_count":26,"category_description":"","cat_name":"Blog","category_nicename":"blog","category_parent":0}],"tag_info":false,"_links":{"self":[{"href":"https:\/\/globaleco.pl\/en\/wp-json\/wp\/v2\/posts\/2677","targetHints":{"allow":["GET"]}}],"collection":[{"href":"https:\/\/globaleco.pl\/en\/wp-json\/wp\/v2\/posts"}],"about":[{"href":"https:\/\/globaleco.pl\/en\/wp-json\/wp\/v2\/types\/post"}],"author":[{"embeddable":true,"href":"https:\/\/globaleco.pl\/en\/wp-json\/wp\/v2\/users\/1"}],"replies":[{"embeddable":true,"href":"https:\/\/globaleco.pl\/en\/wp-json\/wp\/v2\/comments?post=2677"}],"version-history":[{"count":3,"href":"https:\/\/globaleco.pl\/en\/wp-json\/wp\/v2\/posts\/2677\/revisions"}],"predecessor-version":[{"id":2682,"href":"https:\/\/globaleco.pl\/en\/wp-json\/wp\/v2\/posts\/2677\/revisions\/2682"}],"wp:featuredmedia":[{"embeddable":true,"href":"https:\/\/globaleco.pl\/en\/wp-json\/wp\/v2\/media\/2678"}],"wp:attachment":[{"href":"https:\/\/globaleco.pl\/en\/wp-json\/wp\/v2\/media?parent=2677"}],"wp:term":[{"taxonomy":"category","embeddable":true,"href":"https:\/\/globaleco.pl\/en\/wp-json\/wp\/v2\/categories?post=2677"},{"taxonomy":"post_tag","embeddable":true,"href":"https:\/\/globaleco.pl\/en\/wp-json\/wp\/v2\/tags?post=2677"}],"curies":[{"name":"wp","href":"https:\/\/api.w.org\/{rel}","templated":true}]}}